{"id":9420,"date":"2021-05-30T11:02:05","date_gmt":"2021-05-30T09:02:05","guid":{"rendered":"https:\/\/www.rc03-ilbenstadt.de\/?p=9420"},"modified":"2021-05-31T17:28:18","modified_gmt":"2021-05-31T15:28:18","slug":"ilbenstaedter-radtourenradwanderung-wickstadt-buedingen-wickstadtam-dienstag-den-1-juni-2021","status":"publish","type":"post","link":"https:\/\/www.rc03-ilbenstadt.de\/?p=9420","title":{"rendered":"Ilbenst\u00e4dter Radtouren<br>Radwanderung &#8222;Wickstadt-B\u00fcdingen-Wickstadt&#8220;<br><br>am Dienstag, den 1. Juni 2021<br><br>&#8222;Saisoner\u00f6ffnung&#8220;"},"content":{"rendered":"<p><strong>Liebe Mitglieder und Freunde des RC 03 Ilbenstadt,<\/strong><\/p>\n<p>Sonne satt, blauer Himmel, frische zweistellige Temperaturen zum Start, die sich im Tagesverlauf bis auf 25 \u00b0 Celsius steigern werden. So sieht unser Radfahrwetter am Dienstag, dem 1. Juni 2021 aus. So muss es zur\u00a0 coronabedingt versp\u00e4teten Saisoner\u00f6ffnung auch sein. <!--more--> Radwanderfachwart Erwin Loscher l\u00e4dt herzlich zur Rundtour nach B\u00fcdingen ein:<\/p>\n<p><strong>Start am 1. Juni 2021 um<\/strong><\/p>\n<p><strong>10:00 Uhr an der Wickst\u00e4dter Niddabr\u00fccke<\/strong><\/p>\n<p>Die <a href=\"https:\/\/www.rc03-ilbenstadt.de\/?page_id=9416\" target=\"_blank\" rel=\"noopener\">Hygiene- und Abstandsregeln des RC 03 Ilbenstadt<\/a>, abgestimmt f\u00fcr <span id=\"more-8790\"><\/span><span id=\"more-8673\"><\/span>das Radwandern, des RC 03 Ilbenstadt sind vorab zur Kenntnis zu nehmen und am Veranstaltungstag strikt einzuhalten. Unn\u00f6tige Risiken auf Kosten der Gesundheit werden nicht eingegangen.<br \/>\nVergesst nicht die Mund- und Nasenbedeckung (OP-Maske, FFP 2-Maske oder gleichwertig). Diese ist w\u00e4hrend der Fahrt nicht notwendig, f\u00fcr Aufenthalte in Pausen und\/oder anderen Bereichen mit einer Tragpflicht muss sie bereitgehalten werden..<\/p>\n<p>Selten erreichen wir ein Ziel &#8211; es soll B\u00fcdingen sein &#8211; auf direktem Wege und auch bei dieser Tour wollen wir von der Gewohnheit nicht lassen. Wir verlassen die Nidda in Richtung H\u00f6chst, tauchen in den schattigen Wald ein und k\u00f6nnen kurz vor H\u00f6chst wieder in den w\u00e4rmenden Strahlen der Sonne baden. \u00dcber Altenstadt und Lindheim finden wir uns Im Russland und In der Kuhweide wieder, sehen schon D\u00fcdelsheim, das unweit unseres Zieles in B\u00fcdingen liegt.<br \/>\nEine Rast in B\u00fcdingen ist bereits geplant und die Lebensgeister k\u00f6nnen durch Kaffee und Kuchen weiter belebt werden. Dies hilft beim R\u00fcckweg \u00fcber B\u00fcches, D\u00fcdelsheim und Lindheim, eine gem\u00fctliche Anfahrt zum welligen Tourabschnitt Rodenbach, Stammheim und Ober-Florstadt, der sicherlich locker pedalierend bew\u00e4ltigt werden kann. Jetzt bringt uns der Hessenradweg R 4 zum Ausgangspunkt der ersten Tour in 2021 zur\u00fcck.<\/p>\n<p>Diese Genusstour \u00fcber verkehrsarmes, abwechslungsreiches und wenig h\u00fcgeliges Terrain wird etwa 52 Kilometer lang sein.<\/p>\n<p>Haben wir Euer Interesse geweckt? Wir freuen uns auf eine rege Teilnahme.<br \/>\nErwin Loscher ist f\u00fcr R\u00fcckfragen und Voranmeldungen unter der Telefonnummer 01512 02 30 745 erreichbar.<\/p>\n<p>Eine Verschiebung der Tour wegen schlechten Wetters fassen wir nicht ins Auge. Dies ist nicht zu erwarten und Meteorologen irren sich nie &#8230;<\/p>\n<p>F\u00fcr das Radwanderteam<\/p>\n<p>Wilhelm Schr\u00f6der<br \/>\nFachbereichsleiter \u00d6ffentlichkeitsarbeit und Sport (RTF\/CTF)<\/p>\n<p>Streckendownload f\u00fcr Navigationsger\u00e4te:<br \/>\n&#8222;<a href=\"https:\/\/rc03-ilbenstadt.de\/GPX\/GPX-RW\/RC03-RW-210601-Wickstadt_BUED.gpx\">Wickstadt-B\u00fcdingen-Wickstadt<\/a>&#8220;<\/p>\n<p><a href=\"https:\/\/umap.openstreetmap.de\/de\/map\/rc03-ilbenstadt-rw-210601-wickstadt-bued_14356#13\/50.3000\/8.9762\" target=\"_blank\" rel=\"noopener\"><strong>Zur Radwanderstrecke Strecke \u201eWickstadt-B\u00fcdingen-Wickstadt<\/strong><strong>\u201c<\/strong><strong><br \/>\n(Vollbildanzeige):<\/strong><\/a><br \/>\n<iframe loading=\"lazy\" src=\"\/\/umap.openstreetmap.de\/de\/map\/rc03-ilbenstadt-rw-210601-wickstadt-bued_14356?scaleControl=true&amp;miniMap=false&amp;scrollWheelZoom=true&amp;zoomControl=true&amp;allowEdit=false&amp;moreControl=true&amp;searchControl=true&amp;tilelayersControl=null&amp;embedControl=true&amp;datalayersControl=true&amp;onLoadPanel=undefined&amp;captionBar=false&amp;datalayers=69013&amp;fullscreenControl=true&amp;measureControl=true#13\/50.3000\/8.9762\" width=\"200%\" height=\"300px\" frameborder=\"0\" allowfullscreen=\"allowfullscreen\"><\/iframe><\/p>\n","protected":false},"excerpt":{"rendered":"<p>Liebe Mitglieder und Freunde des RC 03 Ilbenstadt, Sonne satt, blauer Himmel, frische zweistellige Temperaturen zum Start, die sich im Tagesverlauf bis auf 25 \u00b0 Celsius steigern werden. So sieht unser Radfahrwetter am Dienstag, dem 1. Juni 2021 aus. So &hellip; <a href=\"https:\/\/www.rc03-ilbenstadt.de\/?p=9420\">Weiterlesen <span class=\"meta-nav\">&rarr;<\/span><\/a><\/p>\n","protected":false},"author":9,"featured_media":4738,"comment_status":"closed","ping_status":"closed","sticky":false,"template":"","format":"standard","meta":{"_crdt_document":"","footnotes":""},"categories":[1],"tags":[],"class_list":["post-9420","post","type-post","status-publish","format-standard","has-post-thumbnail","hentry","category-allgemein"],"_links":{"self":[{"href":"https:\/\/www.rc03-ilbenstadt.de\/index.php?rest_route=\/wp\/v2\/posts\/9420","targetHints":{"allow":["GET"]}}],"collection":[{"href":"https:\/\/www.rc03-ilbenstadt.de\/index.php?rest_route=\/wp\/v2\/posts"}],"about":[{"href":"https:\/\/www.rc03-ilbenstadt.de\/index.php?rest_route=\/wp\/v2\/types\/post"}],"author":[{"embeddable":true,"href":"https:\/\/www.rc03-ilbenstadt.de\/index.php?rest_route=\/wp\/v2\/users\/9"}],"replies":[{"embeddable":true,"href":"https:\/\/www.rc03-ilbenstadt.de\/index.php?rest_route=%2Fwp%2Fv2%2Fcomments&post=9420"}],"version-history":[{"count":5,"href":"https:\/\/www.rc03-ilbenstadt.de\/index.php?rest_route=\/wp\/v2\/posts\/9420\/revisions"}],"predecessor-version":[{"id":9481,"href":"https:\/\/www.rc03-ilbenstadt.de\/index.php?rest_route=\/wp\/v2\/posts\/9420\/revisions\/9481"}],"wp:featuredmedia":[{"embeddable":true,"href":"https:\/\/www.rc03-ilbenstadt.de\/index.php?rest_route=\/wp\/v2\/media\/4738"}],"wp:attachment":[{"href":"https:\/\/www.rc03-ilbenstadt.de\/index.php?rest_route=%2Fwp%2Fv2%2Fmedia&parent=9420"}],"wp:term":[{"taxonomy":"category","embeddable":true,"href":"https:\/\/www.rc03-ilbenstadt.de\/index.php?rest_route=%2Fwp%2Fv2%2Fcategories&post=9420"},{"taxonomy":"post_tag","embeddable":true,"href":"https:\/\/www.rc03-ilbenstadt.de\/index.php?rest_route=%2Fwp%2Fv2%2Ftags&post=9420"}],"curies":[{"name":"wp","href":"https:\/\/api.w.org\/{rel}","templated":true}]}}