{"id":957,"date":"2011-04-19T22:50:11","date_gmt":"2011-04-19T20:50:11","guid":{"rendered":"http:\/\/www.rc03-ilbenstadt.de\/?p=957"},"modified":"2012-08-15T10:18:26","modified_gmt":"2012-08-15T08:18:26","slug":"rtf-nieder-weisel-kleine-mittelhessenrundfahrt","status":"publish","type":"post","link":"https:\/\/www.rc03-ilbenstadt.de\/?p=957","title":{"rendered":"RTF Nieder-Weisel, kleine Mittelhessenrundfahrt"},"content":{"rendered":"<p>Bei sch\u00f6nem Radfahrwetter fand am Sonntag die RTF von Nieder-Weisel statt. Wir haben den 2. Platz mit 28 Fahrern belegt. Leider konnten wir den im letzten Jahr gewonnenen Wanderpokal nicht verteidigen und mussten ihn wieder an die Radsportfreunde aus Gambach zur\u00fcckgeben, die ihn im Jahr 2009 schon einmal gewonnen hatten. Aber im n\u00e4chsten Jahr wollen wir ihn wieder zur\u00fcck erobern.<\/p>\n<div id=\"attachment_960\" style=\"width: 160px\" class=\"wp-caption alignleft\"><a href=\"https:\/\/www.rc03-ilbenstadt.de\/wp-content\/uploads\/2011\/04\/DSCI07321.jpg\" rel=\"lightbox[957]\"><img loading=\"lazy\" decoding=\"async\" aria-describedby=\"caption-attachment-960\" class=\"size-thumbnail wp-image-960\" title=\"Siegerehrung Nieder Weisel\" src=\"https:\/\/www.rc03-ilbenstadt.de\/wp-content\/uploads\/2011\/04\/DSCI07321-150x150.jpg\" alt=\"\" width=\"150\" height=\"150\" \/><\/a><p id=\"caption-attachment-960\" class=\"wp-caption-text\">Siegerehrung Nieder Weisel<\/p><\/div>\n","protected":false},"excerpt":{"rendered":"<p>Bei sch\u00f6nem Radfahrwetter fand am Sonntag die RTF von Nieder-Weisel statt. Wir haben den 2. Platz mit 28 Fahrern belegt. Leider konnten wir den im letzten Jahr gewonnenen Wanderpokal nicht verteidigen und mussten ihn wieder an die Radsportfreunde aus Gambach &hellip; <a href=\"https:\/\/www.rc03-ilbenstadt.de\/?p=957\">Weiterlesen <span class=\"meta-nav\">&rarr;<\/span><\/a><\/p>\n","protected":false},"author":9,"featured_media":0,"comment_status":"closed","ping_status":"closed","sticky":false,"template":"","format":"standard","meta":{"_crdt_document":"","footnotes":""},"categories":[1],"tags":[],"class_list":["post-957","post","type-post","status-publish","format-standard","hentry","category-allgemein"],"_links":{"self":[{"href":"https:\/\/www.rc03-ilbenstadt.de\/index.php?rest_route=\/wp\/v2\/posts\/957","targetHints":{"allow":["GET"]}}],"collection":[{"href":"https:\/\/www.rc03-ilbenstadt.de\/index.php?rest_route=\/wp\/v2\/posts"}],"about":[{"href":"https:\/\/www.rc03-ilbenstadt.de\/index.php?rest_route=\/wp\/v2\/types\/post"}],"author":[{"embeddable":true,"href":"https:\/\/www.rc03-ilbenstadt.de\/index.php?rest_route=\/wp\/v2\/users\/9"}],"replies":[{"embeddable":true,"href":"https:\/\/www.rc03-ilbenstadt.de\/index.php?rest_route=%2Fwp%2Fv2%2Fcomments&post=957"}],"version-history":[{"count":0,"href":"https:\/\/www.rc03-ilbenstadt.de\/index.php?rest_route=\/wp\/v2\/posts\/957\/revisions"}],"wp:attachment":[{"href":"https:\/\/www.rc03-ilbenstadt.de\/index.php?rest_route=%2Fwp%2Fv2%2Fmedia&parent=957"}],"wp:term":[{"taxonomy":"category","embeddable":true,"href":"https:\/\/www.rc03-ilbenstadt.de\/index.php?rest_route=%2Fwp%2Fv2%2Fcategories&post=957"},{"taxonomy":"post_tag","embeddable":true,"href":"https:\/\/www.rc03-ilbenstadt.de\/index.php?rest_route=%2Fwp%2Fv2%2Ftags&post=957"}],"curies":[{"name":"wp","href":"https:\/\/api.w.org\/{rel}","templated":true}]}}