{"id":9639,"date":"2021-06-07T15:38:06","date_gmt":"2021-06-07T13:38:06","guid":{"rendered":"https:\/\/www.rc03-ilbenstadt.de\/?p=9639"},"modified":"2021-06-09T23:30:08","modified_gmt":"2021-06-09T21:30:08","slug":"ilbenstaedter-radtourenradwanderung-wickstadt-dottenfelder-hofam-mittwoch-den-9-juni-2021die-wetterau-im-meteorologischen-sommer","status":"publish","type":"post","link":"https:\/\/www.rc03-ilbenstadt.de\/?p=9639","title":{"rendered":"Ilbenst\u00e4dter Radtouren<br>Radwanderung &#8222;Wickstadt-Dottenfelder Hof&#8220;<br><br>am Mittwoch, den 9. Juni 2021<br><br>&#8222;Die Wetterau im meteorologischen Sommer&#8220;"},"content":{"rendered":"<p><strong><span style=\"color: #ff0000;\">Achtung, <\/span><\/strong><br \/>\n<strong><span style=\"color: #ff0000;\">wetterbedingt wurde der Start auf Donnerstag, den 10. Juni 2021 verschoben.<\/span><\/strong><\/p>\n<p><strong>Liebe Mitglieder und Freunde des RC 03 Ilbenstadt,<\/strong><\/p>\n<p>die Wetterfr\u00f6sche haben beschlossen, diese \u00fcberaus regenreichen Tage, denen kr\u00e4ftige Brisen, Blitz und Donner ins Gep\u00e4ck gegeben wurden, schon dem Sommer zuzuschlagen. Was nicht immer dem entspannten Radeln zugute kommt, wird von der Natur dankbar aufgenommen. Das Nass sorgt f\u00fcr frisches \u00fcppiges Gr\u00fcn und l\u00e4sst die Wetterau <!--more-->nach der Rapsbl\u00fcte mit satten Farben in der Sonne gl\u00e4nzen, wenn diese Wolkenl\u00fccken ausnutzend, ihre Strahlen \u00fcber die Flur ergie\u00dfen kann. Dar\u00fcber hinaus erg\u00e4nzt der ergiebige Regen unsere Grundwasserspeicher, findet leider auch in einigen Regionen erst durch Wohn- und Keller\u00e4ume dorthin.<\/p>\n<p>Freuen wir uns auf die bevorstehende Tour, die bei einem Sonne-, Wolkengemisch und angenehmen Temperaturen stattfinden wird. St\u00f6rungen durch Schauer und Gewitter sind an diesem Tage zwar nicht ausgeschlossen, doch unser Radwanderfachwart Erwin Loscher setzt alle Hebel in Bewegung, diese zu umgehen. Er l\u00e4dt herzlich alle Freunde des entspannten runden Trittes zur Tour mit dem Ziel &#8222;Dottenfelder Hof&#8220; ein<\/p>\n<p><span style=\"color: #ff0000;\"><strong>Start am <span style=\"color: #000000;\"><del>9. Juni 2021<\/del><\/span> verlegt auf den 10. Juni 2021 um<\/strong><\/span><\/p>\n<p><strong>10:00 Uhr an der Wickst\u00e4dter Niddabr\u00fccke<\/strong><\/p>\n<p>Die <a href=\"https:\/\/www.rc03-ilbenstadt.de\/?page_id=9416\" target=\"_blank\" rel=\"noopener\">Hygiene- und Abstandsregeln des RC 03 Ilbenstadt<\/a>, abgestimmt f\u00fcr <span id=\"more-8790\"><\/span><span id=\"more-8673\"><\/span>das Radwandern, des RC 03 Ilbenstadt sind vorab zur Kenntnis zu nehmen und am Veranstaltungstag strikt einzuhalten. Unn\u00f6tige Risiken auf Kosten der Gesundheit werden nicht eingegangen.<br \/>\nVergesst nicht die Mund- und Nasenbedeckung (OP-Maske, FFP 2-Maske oder gleichwertig). Diese ist w\u00e4hrend der Fahrt nicht notwendig, f\u00fcr Aufenthalte in Pausen und\/oder anderen Bereichen mit einer Tragpflicht muss sie bereitgehalten werden.<\/p>\n<p>Nach dem Start steuern wir Assenheim, Bruchenbr\u00fccken, Petterweil und Nieder-Erlenbach an. Damit sind wir bereits im Frankfurter Stadtgebiet, zu dem Nieder-Erlenbach seit August 1972 wieder geh\u00f6rt. Zuvor kam es bereits 1376 auf verschlungenen Wegen &#8211; die <a href=\"https:\/\/de.wikipedia.org\/wiki\/Frankfurt-Nieder-Erlenbach\" target=\"_blank\" rel=\"noopener\">Erlenbacher Geschichte<\/a> ist reich davon &#8211; in den Frankfurter Herrschaftsbereich. 1401 musste der K\u00f6nig die Nieder-Erlenbacher ausdr\u00fccklich zum Gehorsam gegen die Frankfurter Stadtregierung anweisen. Lassen wir es dahingestellt, ob in den heutigen Tagen eine Erneuerung dieser Verpflichtung notwendig ist, denn unsere Rast auf dem Dottenfelder Hof steht unmittelbar bevor. Nach der Durchfahrt des Vilbeler Stadtgebietes liegt in Sichtweite Dortelweils der Dottenfelder Hof vor uns. Und hier eine unerwartete Verbindung nach Ilbenstadt: Von 1472 bis 1803 war der &#8222;Pfaffehof&#8220; im Besitz des Klosters Ilbenstadt. Fragt nicht, wie das &#8222;Geschenk&#8220; Kaiser Otto II 976 an die Abtei Mosbach nach Ilbenstadt kam, <a href=\"https:\/\/de.wikipedia.org\/wiki\/Dottenfelderhof\" target=\"_blank\" rel=\"noopener\">lest selbst &#8230;<\/a><br \/>\nWir kehren ein und bereiten uns auf die R\u00fcckfahrt vor, die uns auf dem Hessenradweg R 4 direkt nach Ilbenstadt f\u00fchrt. Richtet Euer Augenmerk auch auf die renaturierten Niddaabschnitte, deren \u00fcppig begr\u00fcnter Uferbereich auch dem ungeschulten Auge die ein oder andere \u00dcberraschung bieten k\u00f6nnte. Vor Erreichen der Niddabr\u00fccke am Hofgut Wickstadt, wird die Gruppe schon kleiner werden; Ilbenstadt und Assenheim haben dann ihre Einwohner aus Radlerkreisen wieder.<\/p>\n<p>Diese Genusstour \u00fcber verkehrsarmes, abwechslungsreiches und wenig h\u00fcgeliges Terrain wird etwa 48 Kilometer lang sein.<\/p>\n<p>Haben wir Euer Interesse geweckt? Wir freuen uns auf eine rege Teilnahme.<br \/>\nErwin Loscher ist f\u00fcr R\u00fcckfragen und Voranmeldungen unter der Telefonnummer 01512 02 30 745 erreichbar.<\/p>\n<p>Sollte uns das Wetter einen Strich durch die Rechnung machen, werden wir die Tour kurzfristig verschieben.<\/p>\n<p>F\u00fcr das Radwanderteam<\/p>\n<p>Wilhelm Schr\u00f6der<br \/>\nFachbereichsleiter \u00d6ffentlichkeitsarbeit und Sport (RTF\/CTF)<\/p>\n<p>Streckendownload f\u00fcr Navigationsger\u00e4te:<br \/>\n\u201e<a href=\"https:\/\/rc03-ilbenstadt.de\/GPX\/GPX-RW\/RC03_RW_210609_Wickstadt_Dottenfelder_Hof.gpx\">Wickstadt-Dottenfelder Hof-Wickstadt<\/a>\u201c<\/p>\n<p><a href=\"https:\/\/umap.openstreetmap.de\/de\/map\/rc03_rw_210609_wickstadt_dottenfelder_hofgpx_14687#12\/50.2520\/8.7748\" target=\"_blank\" rel=\"noopener\"><strong>Zur Radwanderstrecke Strecke \u201eWickstadt-Dottenfelder Hof<\/strong><strong>\u201c<\/strong><strong><br \/>\n(Vollbildanzeige):<\/strong><\/a><br \/>\n<iframe loading=\"lazy\" width=\"200%\" height=\"300px\" frameborder=\"0\" allowfullscreen src=\"\/\/umap.openstreetmap.de\/de\/map\/rc03_rw_210609_wickstadt_dottenfelder_hofgpx_14687?scaleControl=true&#038;miniMap=false&#038;scrollWheelZoom=true&#038;zoomControl=true&#038;allowEdit=false&#038;moreControl=true&#038;searchControl=null&#038;tilelayersControl=true&#038;embedControl=null&#038;datalayersControl=true&#038;onLoadPanel=undefined&#038;captionBar=false&#038;fullscreenControl=true&#038;measureControl=true#13\/50.2520\/8.7748\"><\/iframe><\/p>\n","protected":false},"excerpt":{"rendered":"<p>Achtung, wetterbedingt wurde der Start auf Donnerstag, den 10. Juni 2021 verschoben. Liebe Mitglieder und Freunde des RC 03 Ilbenstadt, die Wetterfr\u00f6sche haben beschlossen, diese \u00fcberaus regenreichen Tage, denen kr\u00e4ftige Brisen, Blitz und Donner ins Gep\u00e4ck gegeben wurden, schon dem &hellip; <a href=\"https:\/\/www.rc03-ilbenstadt.de\/?p=9639\">Weiterlesen <span class=\"meta-nav\">&rarr;<\/span><\/a><\/p>\n","protected":false},"author":9,"featured_media":4738,"comment_status":"closed","ping_status":"closed","sticky":false,"template":"","format":"standard","meta":{"_crdt_document":"","footnotes":""},"categories":[1],"tags":[],"class_list":["post-9639","post","type-post","status-publish","format-standard","has-post-thumbnail","hentry","category-allgemein"],"_links":{"self":[{"href":"https:\/\/www.rc03-ilbenstadt.de\/index.php?rest_route=\/wp\/v2\/posts\/9639","targetHints":{"allow":["GET"]}}],"collection":[{"href":"https:\/\/www.rc03-ilbenstadt.de\/index.php?rest_route=\/wp\/v2\/posts"}],"about":[{"href":"https:\/\/www.rc03-ilbenstadt.de\/index.php?rest_route=\/wp\/v2\/types\/post"}],"author":[{"embeddable":true,"href":"https:\/\/www.rc03-ilbenstadt.de\/index.php?rest_route=\/wp\/v2\/users\/9"}],"replies":[{"embeddable":true,"href":"https:\/\/www.rc03-ilbenstadt.de\/index.php?rest_route=%2Fwp%2Fv2%2Fcomments&post=9639"}],"version-history":[{"count":5,"href":"https:\/\/www.rc03-ilbenstadt.de\/index.php?rest_route=\/wp\/v2\/posts\/9639\/revisions"}],"predecessor-version":[{"id":9643,"href":"https:\/\/www.rc03-ilbenstadt.de\/index.php?rest_route=\/wp\/v2\/posts\/9639\/revisions\/9643"}],"wp:featuredmedia":[{"embeddable":true,"href":"https:\/\/www.rc03-ilbenstadt.de\/index.php?rest_route=\/wp\/v2\/media\/4738"}],"wp:attachment":[{"href":"https:\/\/www.rc03-ilbenstadt.de\/index.php?rest_route=%2Fwp%2Fv2%2Fmedia&parent=9639"}],"wp:term":[{"taxonomy":"category","embeddable":true,"href":"https:\/\/www.rc03-ilbenstadt.de\/index.php?rest_route=%2Fwp%2Fv2%2Fcategories&post=9639"},{"taxonomy":"post_tag","embeddable":true,"href":"https:\/\/www.rc03-ilbenstadt.de\/index.php?rest_route=%2Fwp%2Fv2%2Ftags&post=9639"}],"curies":[{"name":"wp","href":"https:\/\/api.w.org\/{rel}","templated":true}]}}