{"id":9939,"date":"2021-08-06T14:42:29","date_gmt":"2021-08-06T12:42:29","guid":{"rendered":"https:\/\/www.rc03-ilbenstadt.de\/?page_id=9939"},"modified":"2021-09-02T08:58:42","modified_gmt":"2021-09-02T06:58:42","slug":"45-herbst-rtf-2021-wetterau-vogelsberg-rundfahrt-mit-familientour","status":"publish","type":"post","link":"https:\/\/www.rc03-ilbenstadt.de\/?p=9939","title":{"rendered":"45. Herbst-RTF 2021 &#8222;Wetterau-Vogelsberg-Rundfahrt mit Familientour"},"content":{"rendered":"<p>Hallo, Radsportlerinnen und Radsportler,<\/p>\n<p>unsere Herbstveranstaltung findet statt, wenn die Inzidenzen uns keinen Strich durch die Rechnung machen. Wenn die Veranstaltung abgesagt werden sollte, wird sie vom 11.09.2021 bis 18.09.2021 als Corona-RTF durchgef\u00fchrt. Hier beabsichtigen wir die Strecken am 11.09.2021 und 12.09.2021 auszuschildern und zentral Getr\u00e4nke und ein Servicefahrzeug bereit zu halten. Das Startgeld werden wir bei der Durchf\u00fchrung als Corona-RTF erm\u00e4\u00dfigen.<\/p>\n<p>Die Ausschreibung erfolgt in K\u00fcrze.<\/p>\n<p>F\u00fcr das Orga-Team RTF<\/p>\n<p>Wilhelm Schr\u00f6der<br \/>\nFachbereichsleiter \u00d6ffentlichkeitsarbeit und Sport (RTF\/CTF)<\/p>\n","protected":false},"excerpt":{"rendered":"<p>Hallo, Radsportlerinnen und Radsportler, unsere Herbstveranstaltung findet statt, wenn die Inzidenzen uns keinen Strich durch die Rechnung machen. Wenn die Veranstaltung abgesagt werden sollte, wird sie vom 11.09.2021 bis 18.09.2021 als Corona-RTF durchgef\u00fchrt. Hier beabsichtigen wir die Strecken am 11.09.2021 &hellip; <a href=\"https:\/\/www.rc03-ilbenstadt.de\/?p=9939\">Weiterlesen <span class=\"meta-nav\">&rarr;<\/span><\/a><\/p>\n","protected":false},"author":9,"featured_media":8311,"comment_status":"closed","ping_status":"closed","sticky":false,"template":"","format":"standard","meta":{"_crdt_document":"","footnotes":""},"categories":[],"tags":[],"class_list":["post-9939","post","type-post","status-publish","format-standard","has-post-thumbnail","hentry"],"_links":{"self":[{"href":"https:\/\/www.rc03-ilbenstadt.de\/index.php?rest_route=\/wp\/v2\/posts\/9939","targetHints":{"allow":["GET"]}}],"collection":[{"href":"https:\/\/www.rc03-ilbenstadt.de\/index.php?rest_route=\/wp\/v2\/posts"}],"about":[{"href":"https:\/\/www.rc03-ilbenstadt.de\/index.php?rest_route=\/wp\/v2\/types\/post"}],"author":[{"embeddable":true,"href":"https:\/\/www.rc03-ilbenstadt.de\/index.php?rest_route=\/wp\/v2\/users\/9"}],"replies":[{"embeddable":true,"href":"https:\/\/www.rc03-ilbenstadt.de\/index.php?rest_route=%2Fwp%2Fv2%2Fcomments&post=9939"}],"version-history":[{"count":1,"href":"https:\/\/www.rc03-ilbenstadt.de\/index.php?rest_route=\/wp\/v2\/posts\/9939\/revisions"}],"predecessor-version":[{"id":9940,"href":"https:\/\/www.rc03-ilbenstadt.de\/index.php?rest_route=\/wp\/v2\/posts\/9939\/revisions\/9940"}],"wp:featuredmedia":[{"embeddable":true,"href":"https:\/\/www.rc03-ilbenstadt.de\/index.php?rest_route=\/wp\/v2\/media\/8311"}],"wp:attachment":[{"href":"https:\/\/www.rc03-ilbenstadt.de\/index.php?rest_route=%2Fwp%2Fv2%2Fmedia&parent=9939"}],"wp:term":[{"taxonomy":"category","embeddable":true,"href":"https:\/\/www.rc03-ilbenstadt.de\/index.php?rest_route=%2Fwp%2Fv2%2Fcategories&post=9939"},{"taxonomy":"post_tag","embeddable":true,"href":"https:\/\/www.rc03-ilbenstadt.de\/index.php?rest_route=%2Fwp%2Fv2%2Ftags&post=9939"}],"curies":[{"name":"wp","href":"https:\/\/api.w.org\/{rel}","templated":true}]}}