{"id":9946,"date":"2021-08-11T16:53:03","date_gmt":"2021-08-11T14:53:03","guid":{"rendered":"https:\/\/www.rc03-ilbenstadt.de\/?p=9946"},"modified":"2021-08-11T22:24:03","modified_gmt":"2021-08-11T20:24:03","slug":"ilbenstaedter-radtourenradwanderung-assenheim-hungenam-freitag-den-13-august-2021sommerzeit-in-der-wetterau","status":"publish","type":"post","link":"https:\/\/www.rc03-ilbenstadt.de\/?p=9946","title":{"rendered":"Ilbenst\u00e4dter Radtouren<br>Radwanderung &#8222;Assenheim &#8211; Hungen&#8220;<br><br>am Freitag, den 13. August 2021<br><br>Sommerzeit in der Wetterau<br>"},"content":{"rendered":"<p><strong>Liebe Mitglieder und Freunde des RC 03 Ilbenstadt,<\/strong><\/p>\n<p>am Freitag erwartet uns eine klassische Hochsommerphase. str\u00e4flich, dieses Wetter nicht zum Radfahren zu nutzen. Udo Seum l\u00e4dt Euch zu einer Radtour von Assenheim und Reichelsheim nach Hungen herzlich ein:<\/p>\n<p><strong>Start am Freitag, den 13. August 2021 um<br \/>\n09:15 Uhr am Assenheimer B\u00fcrgerhaus<\/strong><br \/>\n10:00 Uhr am Reichelsheimer Bahn\u00fcbergang in der Kleisstra\u00dfe<\/p>\n<p>Die <a href=\"https:\/\/www.rc03-ilbenstadt.de\/?page_id=9416\" target=\"_blank\" rel=\"noopener noreferrer\">Hygiene- und Abstandsregeln<\/a> (aktuell in \u00dcberarbeitung!), abgestimmt f\u00fcr <span id=\"more-8790\"><\/span><span id=\"more-8673\"><\/span>das Radwandern, des RC 03 Ilbenstadt <!--more-->sind vorab zur Kenntnis zu nehmen und am Veranstaltungstag strikt einzuhalten. Unn\u00f6tige Risiken auf Kosten der Gesundheit werden nicht eingegangen.<br \/>\nVergesst nicht den Mund- und Nasenschutz. Dieser ist w\u00e4hrend der Fahrt nicht notwendig, f\u00fcr Pausen wird er aber ben\u00f6tigt.<\/p>\n<p>Wir starten am B\u00fcrgerhaus in Assenheim und erwarten in Reichelsheim in der Mehrzahl unseren treuen Teilnehmerstamm aus Bingenheim. Gemeinsam streben wir durch die Feldgemarkung Melbach entgegen. Auch wenn bereits viele Felder abgeerntet sind, geht die Arbeit der Landwirte mit Ernte und Feldbestellung weiter. Hier ist gegenseitige R\u00fccksicht angesagt und viel kann hier f\u00fcr ein gutes Verh\u00e4ltnis zwischen Landwirten und Radfahrern getan werden.<br \/>\nSteinfurth und Rockenberg sind die n\u00e4chsten Stationen nach M\u00fcnzenberg. Die Rast am Inheidener See, so sein inoffizieller Name, ist nicht mehr fern. Oppershofen, Bellersheim und Hungen sind noch zu durchqueren.<br \/>\nNoch ein Wort zu <a href=\"https:\/\/de.wikipedia.org\/wiki\/Hungen\" target=\"_blank\" rel=\"noopener noreferrer\">Hungen:<\/a><br \/>\nAuch hier bietet die Historie wunderbare Fakten; informativ, unterhaltsam, f\u00fcr einige auch best\u00fcrzend k\u00f6nnt ihr euch durch die Jahrhunderte der Sch\u00e4ferstadt bewegen. 782 f\u00e4ngt es an, als es Kaiser Karl &#8222;gefiel&#8220; Hungen mit Mann und Maus dem Stift Hersfeld zu schenken. Bei diesem kurzen Exkurs m\u00f6chte ich es belassen, aber euch auch zur Vorsicht mahnen: 1877 fiel ein 112 g schwerer Steinmeteorit zu Boden, der auch f\u00fcr Radfahrer schwere Kost sein d\u00fcrfte. Doch die Wahrscheinlichkeit spricht f\u00fcr eine sichere Querung Hungener Gebietes.<br \/>\nAm Inheidener See g\u00f6nnen wir uns eine Rast am Ufer und fahren gest\u00e4rkt weiter in die Auenlandschaft der Wetterau, an Utphe, Berstadt und Echzell vorbei in Bingenheimer Ried, bevor dann jeder nach Hause zur\u00fcckkehrt.<br \/>\nDiese Genusstour \u00fcber verkehrsarmes und abwechslungsreiches Terrain wird etwa 77 Kilometer lang sein.<\/p>\n<p>Haben wir Euer Interesse geweckt? Wir freuen uns auf eine rege Teilnahme.<br \/>\nUdo Seum ist f\u00fcr R\u00fcckfragen unter der Telefonnummer 0171 89 49 455 erreichbar.<\/p>\n<p>Sollte es am Freitag wider Erwarten regnen oder ein Gewitter abzusehen sein, wird die Tour verschoben.<\/p>\n<p>F\u00fcr das Radwanderteam<\/p>\n<p>Wilhelm Schr\u00f6der<br \/>\nFachbereichsleiter \u00d6ffentlichkeitsarbeit und Sport (RTF\/CTF)<\/p>\n<p>Streckendownload f\u00fcr Navigationsger\u00e4te:<br \/>\n<a href=\"https:\/\/rc03-ilbenstadt.de\/GPX\/GPX-RW\/RC03_RW_210813_Assenheim_Hungen.gpx\">Radwanderung Assenheim &#8211; Hungen<\/a><\/p>\n<p><a href=\"http:\/\/umap.openstreetmap.fr\/de\/map\/rc03_rw_210813_assenheim_hungen_645716\" target=\"_blank\" rel=\"noopener\">Radwanderstrecke &#8222;Assenheim &#8211; Hungen&#8220;<br \/>(Vollbildanzeige)<\/a><br \/>\n<iframe loading=\"lazy\" width=\"200%\" height=\"300px\" frameborder=\"0\" allowfullscreen src=\"\/\/umap.openstreetmap.fr\/de\/map\/rc03_rw_210805_wickstadt_ronneburg_643500?scaleControl=true&#038;miniMap=false&#038;scrollWheelZoom=true&#038;zoomControl=true&#038;allowEdit=false&#038;moreControl=true&#038;searchControl=true&#038;tilelayersControl=true&#038;embedControl=null&#038;datalayersControl=true&#038;onLoadPanel=undefined&#038;captionBar=false&#038;fullscreenControl=true&#038;measureControl=true\"><\/iframe><\/p>\n","protected":false},"excerpt":{"rendered":"<p>Liebe Mitglieder und Freunde des RC 03 Ilbenstadt, am Freitag erwartet uns eine klassische Hochsommerphase. str\u00e4flich, dieses Wetter nicht zum Radfahren zu nutzen. Udo Seum l\u00e4dt Euch zu einer Radtour von Assenheim und Reichelsheim nach Hungen herzlich ein: Start am &hellip; <a href=\"https:\/\/www.rc03-ilbenstadt.de\/?p=9946\">Weiterlesen <span class=\"meta-nav\">&rarr;<\/span><\/a><\/p>\n","protected":false},"author":9,"featured_media":4738,"comment_status":"closed","ping_status":"closed","sticky":false,"template":"","format":"standard","meta":{"_crdt_document":"","footnotes":""},"categories":[1],"tags":[],"class_list":["post-9946","post","type-post","status-publish","format-standard","has-post-thumbnail","hentry","category-allgemein"],"_links":{"self":[{"href":"https:\/\/www.rc03-ilbenstadt.de\/index.php?rest_route=\/wp\/v2\/posts\/9946","targetHints":{"allow":["GET"]}}],"collection":[{"href":"https:\/\/www.rc03-ilbenstadt.de\/index.php?rest_route=\/wp\/v2\/posts"}],"about":[{"href":"https:\/\/www.rc03-ilbenstadt.de\/index.php?rest_route=\/wp\/v2\/types\/post"}],"author":[{"embeddable":true,"href":"https:\/\/www.rc03-ilbenstadt.de\/index.php?rest_route=\/wp\/v2\/users\/9"}],"replies":[{"embeddable":true,"href":"https:\/\/www.rc03-ilbenstadt.de\/index.php?rest_route=%2Fwp%2Fv2%2Fcomments&post=9946"}],"version-history":[{"count":5,"href":"https:\/\/www.rc03-ilbenstadt.de\/index.php?rest_route=\/wp\/v2\/posts\/9946\/revisions"}],"predecessor-version":[{"id":9954,"href":"https:\/\/www.rc03-ilbenstadt.de\/index.php?rest_route=\/wp\/v2\/posts\/9946\/revisions\/9954"}],"wp:featuredmedia":[{"embeddable":true,"href":"https:\/\/www.rc03-ilbenstadt.de\/index.php?rest_route=\/wp\/v2\/media\/4738"}],"wp:attachment":[{"href":"https:\/\/www.rc03-ilbenstadt.de\/index.php?rest_route=%2Fwp%2Fv2%2Fmedia&parent=9946"}],"wp:term":[{"taxonomy":"category","embeddable":true,"href":"https:\/\/www.rc03-ilbenstadt.de\/index.php?rest_route=%2Fwp%2Fv2%2Fcategories&post=9946"},{"taxonomy":"post_tag","embeddable":true,"href":"https:\/\/www.rc03-ilbenstadt.de\/index.php?rest_route=%2Fwp%2Fv2%2Ftags&post=9946"}],"curies":[{"name":"wp","href":"https:\/\/api.w.org\/{rel}","templated":true}]}}