{"id":9955,"date":"2021-08-18T15:13:49","date_gmt":"2021-08-18T13:13:49","guid":{"rendered":"https:\/\/www.rc03-ilbenstadt.de\/?p=9955"},"modified":"2021-08-18T20:15:00","modified_gmt":"2021-08-18T18:15:00","slug":"ilbenstaedter-radtourenradwanderung-von-wickstadt-ins-wetter-und-usatalam-donnerstag-den-19-august-2021herbstlichen-vorboten-im-sommer-getrotzt","status":"publish","type":"post","link":"https:\/\/www.rc03-ilbenstadt.de\/?p=9955","title":{"rendered":"Ilbenst\u00e4dter Radtouren<br>Radwanderung &#8222;Von Wickstadt ins Wetter- und Usatal&#8220;<br><br>am Donnerstag, den 19. August 2021<br><br>Herbstlichen Vorboten im Sommer trotzen<br>"},"content":{"rendered":"<p><strong>Liebe Mitglieder und Freunde des RC 03 Ilbenstadt,<\/p>\n<p>Unser Radtourenfachwart Erwin Loscher ist frisch aus dem Urlaub zur\u00fcck und l\u00e4dt zu einer Tour ins Wetter- und Usatal ein: <\/p>\n<p><\/strong><strong>Start am Donnerstag, den 19. August 2021<\/strong><br \/>\n<strong>um 09:30 Uhr an der Wickst\u00e4dter Niddabr\u00fccke<\/strong><br \/>\n<strong>um 10:00 Uhr an der Dorheimer Essotankstelle<\/strong><\/p>\n<p>Die <a href=\"https:\/\/www.rc03-ilbenstadt.de\/?page_id=9416\" target=\"_blank\" rel=\"noopener\">Hygiene- und Abstandsregeln des RC 03 Ilbenstadt<\/a>, abgestimmt f\u00fcr das Radwandern, des RC 03 Ilbenstadt sind vorab zur Kenntnis <!--more--> zu nehmen und am Veranstaltungstag strikt einzuhalten. Unn\u00f6tige Risiken auf Kosten der Gesundheit werden nicht eingegangen.<br \/>\nVergesst nicht die Mund- und Nasenbedeckung (OP-Maske, FFP 2-Maske oder gleichwertig). Diese ist w\u00e4hrend der Fahrt nicht notwendig, f\u00fcr Aufenthalte in Pausen und\/oder anderen Bereichen mit einer Tragepflicht muss sie bereitgehalten werden.<\/p>\n<p>Vom Start geht es flott nach Assenheim, Ossenheim und Bauernheim \u00fcber den Roten Berg nach Dorheim. An der Essotankstelle treten auch die Bingenheimer in die Pedale, das Wettertal nimmt die Truppe auf. Die nur 69 Kilometer lange Wetter, ein kleines Fl\u00fcsschen, hat es als Namensgeberin der Wetterau im Gegensatz zu anderen Flie\u00dfgew\u00e4ssern der Region zu einem gewissen Bekanntheitsgrad gebracht. Es schl\u00e4ngelt sich beschaulich durch die Wetterauer Landschaft, tritt aber auch mal \u00fcber die Ufer und sorgt partiell zur Seenbildung und nassen Kellern.<br \/>\nIn Gambach verlassen wir das Wettertal, fahren gen Westen, treffen auf den Limesradweg, dem wir dann bis Langenhain-Ziegenberg nicht mehr von unseren R\u00e4dern lassen. Zuvor legen wir in Fauerbach eine Rast ein, damit Schw\u00e4chen vorgebeugt werden kann, f\u00fcr die, wir m\u00f6gen uns das gar nicht ausmalen, ein-, zwei Bodenwellen Verantwortung tragen k\u00f6nnten.<br \/>\nFrisch gest\u00e4rkt st\u00fcrzen wir uns ins Usatal. Hier treffen wir auf den Usa-Radweg, der in Brombach beginnt und in Assenheim endet. Wer sich jetzt fragt, wo in der Brombacher Region die Usa entspringt, wird auf den Usbach verwiesen, der erst ab Westerfeld das &#8222;a&#8220; im Namen f\u00fchrt, nachdem Arnsbach und H\u00e4userbach mit ihrem Wassern der Us eine gewisse M\u00e4chtigkeit verliehen haben. Kurz hinter Friedberg-Fauerbach m\u00fcndet die Usa schon in die Wetter, doch verliert der Radweg nicht schon hier, sondern erst in Assenheim seinen Namen und fristet als Hessenradweg R 4 sein Dasein.<br \/>\nJetzt sind wir auch wieder zur\u00fcck. Welche Radtour wird uns in der n\u00e4chsten Woche erwarten?<\/p>\n<p>Die Erlebnistour \u00fcber rund 78 Kilometer im leicht welligen Terrain, das nur wenig fordernd ist. &#8222;Wenige &#8222;Bodenwellen&#8220; sind einfach zu fahren.<br \/>\nTouren- und Trekkingr\u00e4der sowie Mountainbikes sind erste Wahl f\u00fcr diese Tour.  <\/p>\n<p>Haben wir Euer Interesse geweckt? Wir freuen uns auf eine rege Teilnahme.<br \/>\nErwin Loscher ist f\u00fcr R\u00fcckfragen unter der Telefonnummer 01512 02 30 745 erreichbar.<\/p>\n<p>F\u00fcr das Radwanderteam<\/p>\n<p>Wilhelm Schr\u00f6der<br \/>\nFachbereichsleiter \u00d6ffentlichkeitsarbeit und Sport (RTF\/CTF)<\/p>\n<p>Streckendownload f\u00fcr Navigationsger\u00e4te:<br \/>\n<a href=\"https:\/\/rc03-ilbenstadt.de\/GPX\/GPX-RW\/RC03_RW_210819_Wickstadt_Wetter_und_Usatal\">Radwanderung &#8222;Von Wickstadt ins Wetter- und Usatal<\/a><\/p>\n<p><a href=\"http:\/\/umap.openstreetmap.fr\/de\/map\/rc03_rw_210819_wickstadt_wetter-und-usatal_647492#12\/50.3789\/8.7341\" target=\"_blank\" rel=\"noopener\">Radwanderung &#8222;Von Wickstadt ins Wetter- und Usatal&#8220;<br \/>(Vollbildanzeige)<\/a><br \/>\n<iframe loading=\"lazy\" width=\"100%\" height=\"300px\" frameborder=\"0\" allowfullscreen src=\"\/\/umap.openstreetmap.fr\/de\/map\/rc03_rw_210819_wickstadt_wetter-und-usatal_647492?scaleControl=true&#038;miniMap=false&#038;scrollWheelZoom=true&#038;zoomControl=true&#038;allowEdit=false&#038;moreControl=true&#038;searchControl=true&#038;tilelayersControl=true&#038;embedControl=null&#038;datalayersControl=true&#038;onLoadPanel=undefined&#038;captionBar=false&#038;fullscreenControl=true&#038;measureControl=true\"><\/iframe><\/p>\n","protected":false},"excerpt":{"rendered":"<p>Liebe Mitglieder und Freunde des RC 03 Ilbenstadt, Unser Radtourenfachwart Erwin Loscher ist frisch aus dem Urlaub zur\u00fcck und l\u00e4dt zu einer Tour ins Wetter- und Usatal ein: Start am Donnerstag, den 19. August 2021 um 09:30 Uhr an der &hellip; <a href=\"https:\/\/www.rc03-ilbenstadt.de\/?p=9955\">Weiterlesen <span class=\"meta-nav\">&rarr;<\/span><\/a><\/p>\n","protected":false},"author":9,"featured_media":4738,"comment_status":"closed","ping_status":"closed","sticky":false,"template":"","format":"standard","meta":{"_crdt_document":"","footnotes":""},"categories":[1],"tags":[],"class_list":["post-9955","post","type-post","status-publish","format-standard","has-post-thumbnail","hentry","category-allgemein"],"_links":{"self":[{"href":"https:\/\/www.rc03-ilbenstadt.de\/index.php?rest_route=\/wp\/v2\/posts\/9955","targetHints":{"allow":["GET"]}}],"collection":[{"href":"https:\/\/www.rc03-ilbenstadt.de\/index.php?rest_route=\/wp\/v2\/posts"}],"about":[{"href":"https:\/\/www.rc03-ilbenstadt.de\/index.php?rest_route=\/wp\/v2\/types\/post"}],"author":[{"embeddable":true,"href":"https:\/\/www.rc03-ilbenstadt.de\/index.php?rest_route=\/wp\/v2\/users\/9"}],"replies":[{"embeddable":true,"href":"https:\/\/www.rc03-ilbenstadt.de\/index.php?rest_route=%2Fwp%2Fv2%2Fcomments&post=9955"}],"version-history":[{"count":5,"href":"https:\/\/www.rc03-ilbenstadt.de\/index.php?rest_route=\/wp\/v2\/posts\/9955\/revisions"}],"predecessor-version":[{"id":9966,"href":"https:\/\/www.rc03-ilbenstadt.de\/index.php?rest_route=\/wp\/v2\/posts\/9955\/revisions\/9966"}],"wp:featuredmedia":[{"embeddable":true,"href":"https:\/\/www.rc03-ilbenstadt.de\/index.php?rest_route=\/wp\/v2\/media\/4738"}],"wp:attachment":[{"href":"https:\/\/www.rc03-ilbenstadt.de\/index.php?rest_route=%2Fwp%2Fv2%2Fmedia&parent=9955"}],"wp:term":[{"taxonomy":"category","embeddable":true,"href":"https:\/\/www.rc03-ilbenstadt.de\/index.php?rest_route=%2Fwp%2Fv2%2Fcategories&post=9955"},{"taxonomy":"post_tag","embeddable":true,"href":"https:\/\/www.rc03-ilbenstadt.de\/index.php?rest_route=%2Fwp%2Fv2%2Ftags&post=9955"}],"curies":[{"name":"wp","href":"https:\/\/api.w.org\/{rel}","templated":true}]}}