{"id":9972,"date":"2021-08-23T11:52:45","date_gmt":"2021-08-23T09:52:45","guid":{"rendered":"https:\/\/www.rc03-ilbenstadt.de\/?p=9972"},"modified":"2021-08-23T12:18:40","modified_gmt":"2021-08-23T10:18:40","slug":"ilbenstaedter-radtourenradwanderung-von-wickstadt-ins-laisbach-und-rambachtalam-mittwoch-den-25-august-2021fruehherbstliches-wetterauerlebnis","status":"publish","type":"post","link":"https:\/\/www.rc03-ilbenstadt.de\/?p=9972","title":{"rendered":"Ilbenst\u00e4dter Radtouren<br>Radwanderung &#8222;Von Wickstadt ins Laisbach- und Rambachtal&#8220;<br><br>am Mittwoch, den 25. August 2021<br><br>Fr\u00fchherbstliches Wetterauerlebnis<br>"},"content":{"rendered":"<p><strong>Liebe Mitglieder und Freunde des RC 03 Ilbenstadt,<\/strong><\/p>\n<p>Unser Radtourenfachwart Erwin Loscher hat wieder eine Wolkenl\u00fccke entdeckt, l\u00e4sst die Sonne scheinen und l\u00e4dt zu Radtour ins Laisbach- und Rambachtal ein: <\/p>\n<p><strong>Start am Mittwoch, den 25. August 2021<\/strong><br \/>\n<strong>um 09:30 Uhr an der Wickst\u00e4dter Niddabr\u00fccke<\/strong><br \/>\n<strong>um 10:00 Uhr an dem Stadener Sauerbrunnen<\/strong><\/p>\n<p>Die <a href=\"https:\/\/www.rc03-ilbenstadt.de\/?page_id=9416\" target=\"_blank\" rel=\"noopener\">Hygiene- und Abstandsregeln des RC 03 Ilbenstadt<\/a>, abgestimmt f\u00fcr das Radwandern, des RC 03 Ilbenstadt sind vorab zur Kenntnis <!--more--> zu nehmen und am Veranstaltungstag strikt einzuhalten. Unn\u00f6tige Risiken auf Kosten der Gesundheit werden nicht eingegangen.<br \/>\nVergesst nicht die Mund- und Nasenbedeckung (OP-Maske, FFP 2-Maske oder gleichwertig). Diese ist w\u00e4hrend der Fahrt nicht notwendig, f\u00fcr Aufenthalte in Pausen und\/oder anderen Bereichen mit einer Tragepflicht muss sie bereitgehalten werden.<\/p>\n<p>Eine liegende 8 hat unser Guide in die Wetterauer Landschaft gezaubert. Auf dem Hessenradweg R 4 fahren wir Staden entgegen. Dort wartet am Sauerbrunnen die Teilnehmerschar aus den Gefilden des Bingenheimer Riedes. Mit lockerem Tritt passieren wir Nieder- und Ober-Mockstadt, durchqueren Dauernheim. Unweit unserer Route flie\u00dft der Laisbach in die Nidda. Ihm folgen wir \u00fcber Ranstadt, Bellmuth und Bobenhausen hin zu den Oerlitzh\u00f6fen. Hinter Ranstadt t\u00fcrmt sich bereits links von uns das &#8222;Gebirgsmassiv&#8220; um unbenannte Kuppen von 242-, 254- und 292-Metern H\u00f6he sowie dem R\u00fchlskopf mit 226 Metern und dem Eschberg mit 328 Metern. Letzterer legt uns seine Ausl\u00e4ufer unter die R\u00e4der und in aller Ruhe kann mit festem Tritt auch diese kleine Herausforderung gemeistert werden.  Damit stehen wir auf 260 Metern \u00fcber dem Meeresspiegel und immerhin noch 68 H\u00f6henmeter unter dem Gipfel des Eschberges.<br \/>\nSchwungvoll nutzen wir die Gef\u00e4llstrecke in das Rambachtal nach Wallernhausen und eine Bodenwelle sp\u00e4ter liegen Nidda und Bad Salzhausen vor uns. Hier m\u00fcssen wir die schwere Entscheidung treffen, ob die Rast in der pulsierenden Kleinstadt Nidda oder im beschaulichen Kurort Bad Salzhausen abgehalten werden soll. Wir sind gespannt, ob ihr die richtige Entscheidung trefft &#8230;<br \/>\n Nach der Rast vertrauen wir uns der sanften H\u00fcgellandschaft der fr\u00fchherbstlichen Wetterau an. Gei\u00df-Nidda, Blofeld, Reichelsheim und Nieder-Florstadt sind auf dem Weg zum Ziel markante Punkte, die das nahe Ende unserer Radtour anzeigen. In Reichelsheim und Wickstadt l\u00f6st sich die Radlerschar auf. Die Pl\u00e4ne zur n\u00e4chsten Tour sind wahrscheinlich schon besprochen.<\/p>\n<p>Die Erlebnistour \u00fcber rund 56 Kilometer im leicht welligen Terrain, das angenehm zu fahren ist. Zwei, drei kurze Kletterpassagen, allesamt deutlich unter 10 % Steigung, sind das Salz in der Suppe.<br \/>\nTouren- und Trekkingr\u00e4der sowie Mountainbikes sind erste Wahl f\u00fcr diese Tour.  <\/p>\n<p>Haben wir Euer Interesse geweckt? Wir freuen uns auf eine rege Teilnahme.<br \/>\nErwin Loscher ist f\u00fcr R\u00fcckfragen unter der Telefonnummer 01512 02 30 745 erreichbar.<\/p>\n<p>F\u00fcr das Radwanderteam<\/p>\n<p>Wilhelm Schr\u00f6der<br \/>\nFachbereichsleiter \u00d6ffentlichkeitsarbeit und Sport (RTF\/CTF)<\/p>\n<p>Streckendownload f\u00fcr Navigationsger\u00e4te:<br \/>\n<a href=\"https:\/\/rc03-ilbenstadt.de\/GPX\/GPX-RW\/RC03_RW_210825_Wickstadt_Radachter.gpx\">Radwanderung &#8222;Von Wickstadt ins Laisbach- und Rambachtal&#8220;<\/a><\/p>\n<p><a href=\"http:\/\/umap.openstreetmap.fr\/de\/map\/rc03-rw-210825-wickstadt_radachter_648736#13\/50.3678\/8.9195\" target=\"_blank\" rel=\"noopener\">Radwanderung &#8222;Von Wickstadt ins Laisbach- und Rambachtall&#8220;<br \/>(Vollbildanzeige)<\/a><br \/>\n<iframe loading=\"lazy\" width=\"200%\" height=\"300px\" frameborder=\"0\" allowfullscreen src=\"\/\/umap.openstreetmap.fr\/de\/map\/rc03-rw-210825-wickstadt_radachter_648736?scaleControl=true&#038;miniMap=false&#038;scrollWheelZoom=true&#038;zoomControl=true&#038;allowEdit=false&#038;moreControl=true&#038;searchControl=true&#038;tilelayersControl=true&#038;embedControl=null&#038;datalayersControl=true&#038;onLoadPanel=undefined&#038;captionBar=false&#038;fullscreenControl=true&#038;locateControl=false&#038;measureControl=true\"><\/iframe><\/p>\n","protected":false},"excerpt":{"rendered":"<p>Liebe Mitglieder und Freunde des RC 03 Ilbenstadt, Unser Radtourenfachwart Erwin Loscher hat wieder eine Wolkenl\u00fccke entdeckt, l\u00e4sst die Sonne scheinen und l\u00e4dt zu Radtour ins Laisbach- und Rambachtal ein: Start am Mittwoch, den 25. August 2021 um 09:30 Uhr &hellip; <a href=\"https:\/\/www.rc03-ilbenstadt.de\/?p=9972\">Weiterlesen <span class=\"meta-nav\">&rarr;<\/span><\/a><\/p>\n","protected":false},"author":9,"featured_media":4738,"comment_status":"closed","ping_status":"closed","sticky":false,"template":"","format":"standard","meta":{"_crdt_document":"","footnotes":""},"categories":[1],"tags":[],"class_list":["post-9972","post","type-post","status-publish","format-standard","has-post-thumbnail","hentry","category-allgemein"],"_links":{"self":[{"href":"https:\/\/www.rc03-ilbenstadt.de\/index.php?rest_route=\/wp\/v2\/posts\/9972","targetHints":{"allow":["GET"]}}],"collection":[{"href":"https:\/\/www.rc03-ilbenstadt.de\/index.php?rest_route=\/wp\/v2\/posts"}],"about":[{"href":"https:\/\/www.rc03-ilbenstadt.de\/index.php?rest_route=\/wp\/v2\/types\/post"}],"author":[{"embeddable":true,"href":"https:\/\/www.rc03-ilbenstadt.de\/index.php?rest_route=\/wp\/v2\/users\/9"}],"replies":[{"embeddable":true,"href":"https:\/\/www.rc03-ilbenstadt.de\/index.php?rest_route=%2Fwp%2Fv2%2Fcomments&post=9972"}],"version-history":[{"count":5,"href":"https:\/\/www.rc03-ilbenstadt.de\/index.php?rest_route=\/wp\/v2\/posts\/9972\/revisions"}],"predecessor-version":[{"id":9977,"href":"https:\/\/www.rc03-ilbenstadt.de\/index.php?rest_route=\/wp\/v2\/posts\/9972\/revisions\/9977"}],"wp:featuredmedia":[{"embeddable":true,"href":"https:\/\/www.rc03-ilbenstadt.de\/index.php?rest_route=\/wp\/v2\/media\/4738"}],"wp:attachment":[{"href":"https:\/\/www.rc03-ilbenstadt.de\/index.php?rest_route=%2Fwp%2Fv2%2Fmedia&parent=9972"}],"wp:term":[{"taxonomy":"category","embeddable":true,"href":"https:\/\/www.rc03-ilbenstadt.de\/index.php?rest_route=%2Fwp%2Fv2%2Fcategories&post=9972"},{"taxonomy":"post_tag","embeddable":true,"href":"https:\/\/www.rc03-ilbenstadt.de\/index.php?rest_route=%2Fwp%2Fv2%2Ftags&post=9972"}],"curies":[{"name":"wp","href":"https:\/\/api.w.org\/{rel}","templated":true}]}}