{"id":9988,"date":"2021-08-31T15:06:20","date_gmt":"2021-08-31T13:06:20","guid":{"rendered":"https:\/\/www.rc03-ilbenstadt.de\/?p=9988"},"modified":"2021-08-31T15:16:45","modified_gmt":"2021-08-31T13:16:45","slug":"ilbenstaedter-radtourenradwanderung-von-assenheim-nach-hanauam-donnerstag-den-2-september-2021-zur-schloesserunde-und-zur-hohen-strasse","status":"publish","type":"post","link":"https:\/\/www.rc03-ilbenstadt.de\/?p=9988","title":{"rendered":"Ilbenst\u00e4dter Radtouren<br>Radwanderung &#8222;Von Assenheim nach Hanau&#8220;<br><br>am Donnerstag, den 2. September 2021<br><br> Zur Schl\u00f6sserunde und zur Hohen Stra\u00dfe<br>"},"content":{"rendered":"<p><strong>Liebe Mitglieder und Freunde des RC 03 Ilbenstadt,<\/strong><\/p>\n<p>Der Radtourenfachwart und Wetterexperte Erwin Loscher hat den Donnerstag mit hervorragendem Radfahrwetter entdeckt und l\u00e4dt zu Radtour nach Hanau ein: <\/p>\n<p><strong>Start am Donnerstag, den 2. September 2021<\/strong><br \/>\n<strong>um 09:30 Uhr an dem Assenheimer B\u00fcrgerhaus<\/strong><\/p>\n<p>Die <a href=\"https:\/\/www.rc03-ilbenstadt.de\/?page_id=9416\" target=\"_blank\" rel=\"noopener\">Hygiene- und Abstandsregeln des RC 03 Ilbenstadt<\/a>, abgestimmt f\u00fcr das Radwandern, des RC 03 Ilbenstadt sind vorab zur Kenntnis <!--more--> zu nehmen und am Veranstaltungstag strikt einzuhalten. Unn\u00f6tige Risiken auf Kosten der Gesundheit werden nicht eingegangen.<br \/>\nVergesst nicht die Mund- und Nasenbedeckung (OP-Maske, FFP 2-Maske oder gleichwertig). Diese ist w\u00e4hrend der Fahrt nicht notwendig, f\u00fcr Aufenthalte in Pausen und\/oder anderen Bereichen mit einer Tragepflicht muss sie bereitgehalten werden.<\/p>\n<p>In ruhiger Fahrt von Assenheim \u00fcber Ilbenstadt geht es nach Niederdorfelden. Hinter einem kleinen H\u00f6henr\u00fccken kommt Maintal in Sicht. Per F\u00e4hre wird der Main \u00fcberwunden und Hanau-Steinheim winkt mit der Rast.<br \/>\nAuf der R\u00fcckfahrt n\u00e4hern wir uns dem Tourmotto &#8222;Schl\u00f6ssertour&#8220;. Uns erwartet in Hanau Schloss <a href=\"https:\/\/de.wikipedia.org\/wiki\/Schloss_Philippsruhe\" target=\"_blank\" rel=\"noopener\">Philippsruhe<\/a> und nicht weit entfernt  <a href=\"https:\/\/de.wikipedia.org\/wiki\/Wilhelmsbad\" target=\"_blank\" rel=\"noopener\">Wilhelmsbad<\/a>, deren geschichtstr\u00e4chtiges Flair schon mal den ein oder anderen R\u00fcckblick in die eigene Geschichte provoziert.<br \/>\nSchl\u00f6sser grenzt man heute gegen Burgen als &#8222;Wohn- und Verwaltungsanlagen&#8220; der adligen F\u00fchrungsschicht ab. Der Name erinnert auch an die Schlie\u00dfverh\u00e4ltnisse und so waren seinerzeit die Herrschaften hinter Schloss und Riegel, wo sicherlich der ein oder andere auch im sprichw\u00f6rtlichen Sinne hingeh\u00f6rte.<br \/>\nPhilippsruh verdanken wir dem Hanauer Grafen Philipp Reinhard, der hoffentlich was geschafft und nicht nur Ruh gehalten hat. Wilhelmsbad ist eigentlich eine pr\u00e4chtige Kuranlage mit eigener, interessanter Geschichte. Ihr habt sicherlich  noch den 22. Juni 1832 in Erinnerung, als in den pr\u00e4chtigen Gem\u00e4uern und Parkanlagen ein politisches Volksfest mit bis zu 10.000 Teilnehmern in der Nachfolge des Hambacher Festes gefeiert wurde. Ja in dem heute beschaulichen Hanau war scon mal was los. Es lohnt sich, einen tieferen Blick in die Historie zu werfen.<\/p>\n<p>Etwas handfester ist die Querung der alten Handelsstra\u00dfe \u201eHohe Stra\u00dfe\u201c, deren Lage auf einem H\u00f6henr\u00fccken eine gute Aussicht verhei\u00dft und im Mittelalter festen, hochwasserfreien Untergrund garantierte. Ab hier treibt das \u201enahe\u201c Ziel Radlerinnen und Radler an. \u00dcber Windecken, Eichen und Wickstadt ist das B\u00fcrgerhaus in Assenheim schnell erreicht. <\/p>\n<p>Die Erlebnistour \u00fcber rund 73 Kilometer in welligem Terrain, das angenehm zu fahren ist. In das Maintal und zur Hohen Stra\u00dfe zur\u00fcck beinhaltet H\u00f6henmeter, die man schon wegen der sportlichen Herausforderung und der sch\u00f6nen Aussicht wegen gerne in Kauf nimmt. Touren- und Trekkingr\u00e4der sowie Mountainbikes sind erste Wahl f\u00fcr diese Tour.<br \/>\nIst das Interesse geweckt, freut sich der RC 03 Ilbenstadt auf eine rege Teilnahme.<\/p>\n<p>Haben wir Euer Interesse geweckt? Wir freuen uns auf eine rege Teilnahme.<br \/>\nErwin Loscher ist f\u00fcr R\u00fcckfragen unter der Telefonnummer 01512 02 30 745 erreichbar.<\/p>\n<p>F\u00fcr das Radwanderteam<\/p>\n<p>Wilhelm Schr\u00f6der<br \/>\nFachbereichsleiter \u00d6ffentlichkeitsarbeit und Sport (RTF\/CTF)<\/p>\n<p>Streckendownload f\u00fcr Navigationsger\u00e4te:<br \/>\n<a href=\"https:\/\/rc03-ilbenstadt.de\/GPX\/GPX-RW\/RC03_RW-210902-Assenheim_HU_Schl\u00f6sserrunde.gpx\">Radwanderung &#8222;Von Assenheim nach Hanau zur Schl\u00f6sserrunde und zur Hohen Stra\u00dfe&#8220;<\/a><\/p>\n<p><a href=\"http:\/\/umap.openstreetmap.fr\/de\/map\/rc03-rw-210902-asseheim_hu_schossertour_651308#12\/50.2179\/8.8588\" target=\"_blank\" rel=\"noopener\">Radwanderung &#8222;Von Assenheim nach Hanau zur Schl\u00f6sserrunde und zur Hohen Stra\u00dfe&#8220;<br \/>(Vollbildanzeige)<\/a><br \/>\n<iframe loading=\"lazy\" width=\"200%\" height=\"300px\" frameborder=\"0\" allowfullscreen src=\"\/\/umap.openstreetmap.fr\/de\/map\/rc03-rw-210902-asseheim_hu_schossertour_651308?scaleControl=true&#038;miniMap=false&#038;scrollWheelZoom=true&#038;zoomControl=true&#038;allowEdit=false&#038;moreControl=true&#038;searchControl=true&#038;tilelayersControl=true&#038;embedControl=null&#038;datalayersControl=true&#038;onLoadPanel=undefined&#038;captionBar=false&#038;fullscreenControl=true&#038;measureControl=true\"><\/iframe><\/p>\n","protected":false},"excerpt":{"rendered":"<p>Liebe Mitglieder und Freunde des RC 03 Ilbenstadt, Der Radtourenfachwart und Wetterexperte Erwin Loscher hat den Donnerstag mit hervorragendem Radfahrwetter entdeckt und l\u00e4dt zu Radtour nach Hanau ein: Start am Donnerstag, den 2. September 2021 um 09:30 Uhr an dem &hellip; <a href=\"https:\/\/www.rc03-ilbenstadt.de\/?p=9988\">Weiterlesen <span class=\"meta-nav\">&rarr;<\/span><\/a><\/p>\n","protected":false},"author":9,"featured_media":4738,"comment_status":"closed","ping_status":"closed","sticky":false,"template":"","format":"standard","meta":{"_crdt_document":"","footnotes":""},"categories":[1],"tags":[],"class_list":["post-9988","post","type-post","status-publish","format-standard","has-post-thumbnail","hentry","category-allgemein"],"_links":{"self":[{"href":"https:\/\/www.rc03-ilbenstadt.de\/index.php?rest_route=\/wp\/v2\/posts\/9988","targetHints":{"allow":["GET"]}}],"collection":[{"href":"https:\/\/www.rc03-ilbenstadt.de\/index.php?rest_route=\/wp\/v2\/posts"}],"about":[{"href":"https:\/\/www.rc03-ilbenstadt.de\/index.php?rest_route=\/wp\/v2\/types\/post"}],"author":[{"embeddable":true,"href":"https:\/\/www.rc03-ilbenstadt.de\/index.php?rest_route=\/wp\/v2\/users\/9"}],"replies":[{"embeddable":true,"href":"https:\/\/www.rc03-ilbenstadt.de\/index.php?rest_route=%2Fwp%2Fv2%2Fcomments&post=9988"}],"version-history":[{"count":5,"href":"https:\/\/www.rc03-ilbenstadt.de\/index.php?rest_route=\/wp\/v2\/posts\/9988\/revisions"}],"predecessor-version":[{"id":9996,"href":"https:\/\/www.rc03-ilbenstadt.de\/index.php?rest_route=\/wp\/v2\/posts\/9988\/revisions\/9996"}],"wp:featuredmedia":[{"embeddable":true,"href":"https:\/\/www.rc03-ilbenstadt.de\/index.php?rest_route=\/wp\/v2\/media\/4738"}],"wp:attachment":[{"href":"https:\/\/www.rc03-ilbenstadt.de\/index.php?rest_route=%2Fwp%2Fv2%2Fmedia&parent=9988"}],"wp:term":[{"taxonomy":"category","embeddable":true,"href":"https:\/\/www.rc03-ilbenstadt.de\/index.php?rest_route=%2Fwp%2Fv2%2Fcategories&post=9988"},{"taxonomy":"post_tag","embeddable":true,"href":"https:\/\/www.rc03-ilbenstadt.de\/index.php?rest_route=%2Fwp%2Fv2%2Ftags&post=9988"}],"curies":[{"name":"wp","href":"https:\/\/api.w.org\/{rel}","templated":true}]}}